{"id":6094,"date":"2021-10-01T10:58:03","date_gmt":"2021-10-01T09:58:03","guid":{"rendered":"https:\/\/pipiter-joga.hu\/?p=6094"},"modified":"2025-06-14T08:22:35","modified_gmt":"2025-06-14T07:22:35","slug":"a-valodi-ertekteremtes-egy-ujabb-peldaja","status":"publish","type":"post","link":"https:\/\/pipiter-joga.hu\/en\/2021\/10\/01\/a-valodi-ertekteremtes-egy-ujabb-peldaja\/","title":{"rendered":"A val\u00f3di \u00e9rt\u00e9kteremt\u00e9s egy \u00fajabb p\u00e9ld\u00e1ja"},"content":{"rendered":"<p>Az igazi \u00e9rt\u00e9kteremt\u00e9s m\u00e9lt\u00f3 p\u00e9ld\u00e1ja a F\u00fczes-csal\u00e1d munk\u00e1ss\u00e1ga Orf\u0171n. Kitart\u00f3 munk\u00e1val \u00fajra\u00e9lesztett\u00e9k a malmot, de nem elv\u00e1gy\u00f3d\u00f3, m\u00faltba r\u00e9ved\u0151 hagyom\u00e1ny\u0151rz\u00e9s ig\u00e9ny\u00e9vel, ami v\u00e9gs\u0151 soron cs\u00fcggeszt, mert elvon a jelent\u0151l, hanem \u00fagy, hogy igaz\u00e1n t\u00e1pl\u00e1l, \u00e9ltet, mert tud\u00e1st ad \u00e1t, k\u00f6z\u00f6ss\u00e9get \u00e9p\u00edt, val\u00f3di eg\u00e9szs\u00e9get, tudatoss\u00e1got szolg\u00e1l, azaz er\u0151s\u00edt \u00e9s szabadd\u00e1 tesz = ez a magas szint\u0171 \u00e9rt\u00e9k, isteni \u00e1rnyalatot hordoz\u00f3 tev\u00e9kenys\u00e9g, amit\u0151l val\u00f3ban gazdagabb\u00e1 v\u00e1lik az egy\u00e9n, a kis \u00e9s nagy k\u00f6z\u00f6ss\u00e9g is.Anno \u00edrtam a blogon, hogy ilyesmikkel lehet \u00fajj\u00e1\u00e9ledni minden, nemzeti szinten is, ilyen alulr\u00f3l \u00e9p\u00edtkez\u0151, val\u00f3di \u00e9rt\u00e9ket hordoz\u00f3 tev\u00e9kenys\u00e9gekkel:<a href=\"https:\/\/pipiter-joga.hu\/en\/2020\/06\/06\/szepbe-szott-hit\/\" target=\"_blank\" rel=\"noreferrer noopener\"> https:\/\/pipiter-joga.hu\/2020\/06\/06\/szepbe-szott-hit\/<\/a> \u2606\u2661\u2606<\/p>\n\n\n\n<p>Az <a href=\"https:\/\/www.facebook.com\/orfuimalmok\/\" target=\"_blank\" rel=\"noreferrer noopener\">Orf\u0171i Malmok <\/a>bejegyz\u00e9se:<\/p>\n\n\n\n<!--more-->\n\n\n\n<p>&#8222;Mondj\u00e1k, ha egy ember el\u00e9g sokszor mes\u00e9li el a t\u00f6rt\u00e9neteit, sz\u00e9p lassan eggy\u00e9 v\u00e1lik vel\u00fck, m\u00edg v\u00e9g\u00fcl \u00e1ltaluk \u0151 maga is halhatatlan lesz. Ma t\u00edz \u00e9ve, hogy 2011-ben elhunyt F\u00fczes P\u00e9ter, aki n\u00e9lk\u00fcl az Orf\u0171i Malmok nem lehetne az, aminek ma ismerj\u00fck. Szem\u00e9lye annyira term\u00e9szetes r\u00e9sze volt a v\u00edzimalom \u00e9let\u00e9nek, mintha jellegzetes alakja ma is b\u00e1rmelyik pillantban felbukkanhatna a kemenc\u00e9s h\u00e1z ajtaj\u00e1ban.<\/p>\n\n\n\n<p>Vannak emberek, akiket eg\u00e9sz \u00e9let\u00fck\u00f6n \u00e1t elk\u00eds\u00e9r valami bels\u0151 bizonyoss\u00e1g, ami mozgatja, hajszolja \u0151ket nagyszer\u0171, rendk\u00edv\u00fcli dolgok fel\u00e9. Mondhatn\u00e1nk, \u00e9desap\u00e1nk sors\u00e1t el\u0151re meghat\u00e1rozta a moln\u00e1rmesters\u00e9g csal\u00e1dban hagyom\u00e1nyoz\u00f3d\u00f3 \u00f6r\u00f6ks\u00e9ge, ami t\u00f6bb gener\u00e1ci\u00f3n kereszt\u00fcl v\u00e9ste bele mag\u00e1t a v\u00e9r\u00fcnkbe \u00e9s csal\u00e1di identit\u00e1sba. De sokkal ink\u00e1bb helyt\u00e1ll\u00f3bb azt mondani, hogy \u0151 maga sz\u0151tte \u00f6ssze a sors\u00e1t az orf\u0171i malmokkal. G\u00e9p\u00e9sztechnikusk\u00e9nt v\u00e9gigj\u00e1rta a gy\u00f6kereit\u0151l egyre t\u00e1volabb ker\u00fcl\u0151 modern malomipar valamennyi rangl\u00e9tr\u00e1j\u00e1t: g\u00e9pszerel\u0151 lakatosk\u00e9nt, g\u00e9pforg\u00e1csol\u00f3 eszterg\u00e1lyosk\u00e9nt, m\u0171vezet\u0151k\u00e9nt, \u00e9s k\u00e9s\u0151bb mint r\u00e9szlegvezet\u0151 hamar ismertt\u00e9 v\u00e1lt lehetetlent nem ismer\u0151, egyedi megold\u00e1sair\u00f3l. Sok esetben fejleszt\u00e9sei b\u0151ven t\u00faljutottak a megye hat\u00e1rain. A kilencvenes \u00e9vek \u00edg\u00e9reteket \u00e9s lehet\u0151s\u00e9geket mag\u00e1ban hordoz\u00f3 leveg\u0151je \u0151t is cselekv\u00e9sre k\u00e9sztette. M\u00edg azonban sokakat ink\u00e1bb az anyagi haszon rem\u00e9nye mozgatta, \u00e9desap\u00e1nk valami m\u00e1st, valami t\u00f6bbet keresett, amiben egyed\u00fcl\u00e1ll\u00f3 m\u00f3don tal\u00e1lhatja meg hivat\u00e1s\u00e1t \u00e9s k\u00fcldet\u00e9s\u00e9t. <\/p>\n\n\n\n<p>Az orf\u0171i malmok \u00fajj\u00e1\u00e9leszt\u00e9s\u00e9t. <\/p>\n\n\n\n<p>Tal\u00e1n a moln\u00e1r\u00f6r\u00f6ks\u00e9g volt az, ami miatt nem b\u00edrta elviselni, hogy egy olyan \u00e9l\u0151, l\u00e9legz\u0151 \u00e9s folyton mozg\u00f3, v\u00e1ltoz\u00f3 dolog, mint a malom, puszt\u00e1n m\u00fazeumk\u00e9nt m\u0171k\u00f6dj\u00f6n. Elsz\u00e1nts\u00e1g\u00e1t nem kezdte ki, ha az akkor itthon rendhagy\u00f3 \u00f6tleteivel falakba \u00fctk\u00f6z\u00f6tt. Ha valahol elutas\u00edtott\u00e1k, kisv\u00e1rtatva visszat\u00e9rt, \u00e9s el\u0151adta \u00fajra, hogy mire gondolt. \u00c9s ha nem ment els\u0151re, esetleg m\u00e1sodj\u00e1ra, akkor ment harmadszorra, m\u00edg a m\u00e1sik f\u00e9lre \u00e1tragadt ez a szinte vall\u00e1sos \u00e1h\u00edtat. V\u00e9g\u00fcl hosszas tervezget\u00e9s ut\u00e1n \u00e9desapj\u00e1val, F\u00fczes Antallal \u00e9s bar\u00e1tjukkal, P\u00e1pa Jen\u0151vel kezdt\u00e9k meg 1993 december\u00e9ben az orf\u0171i v\u00edzimalom \u0151rl\u0151berendez\u00e9seinek fel\u00faj\u00edt\u00e1s\u00e1t. F\u00e9l \u00e9vsz\u00e1zad ut\u00e1n az orf\u0171i v\u00edzimalom az orsz\u00e1g egyetlen patakmalmak\u00e9nt kapott m\u0171k\u00f6d\u00e9si enged\u00e9lyt a gabona\u0151rl\u00e9sre. A malmokhoz l\u00e1togat\u00f3kat kisv\u00e1rtatva cs\u00f6rg\u0151-z\u00f6rg\u0151, minden tekintetben \u00e9l\u0151 malom fogadta. A g\u00e9peket kezdetben villanymotor hajtotta. A k\u00f6vetkez\u0151 \u00e9vekben visszaterelt\u00e9k a vizet a malomhoz, megtiszt\u00edtott\u00e1k a term\u00e9szet \u00e1ltal elh\u00f3d\u00edtott malom\u00e1rkot, helyre\u00e1ll\u00edtott\u00e1k a v\u00edzikereket. A szinte legend\u00e1s \u00faton m\u00f3don megszerzett \u00faj g\u00f6r\u00f6nd\u00f6lyt helyben, k\u00e9zzel eszterg\u00e1lt\u00e1k, miel\u0151tt hely\u00e9re illesztett\u00e9k. A malmok fel\u00faj\u00edt\u00e1s\u00e1n t\u00fal a keny\u00e9rs\u00fct\u00e9s egyre ink\u00e1bb feled\u00e9sbe mer\u00fcl\u0151 hagyom\u00e1nya is az \u0151 kitart\u00f3 munk\u00e1j\u00e1nak k\u00f6sz\u00f6nhet\u0151en elevenedett fel ism\u00e9t a moln\u00e1r egykori f\u00fcst\u00f6s konyh\u00e1j\u00e1nak kemenc\u00e9j\u00e9ben.<\/p>\n\n\n\n<p>A vil\u00e1g m\u00e9gis mintha lassabban k\u00f6vette volna. Az egy\u00e9bk\u00e9nt is fogyatkoz\u00f3 sz\u00e1m\u00fa, f\u00f6ldb\u0151l \u00e9l\u0151 gazd\u00e1knak egyre k\u00f6r\u00fclm\u00e9nyesebb volt Orf\u0171re sz\u00e1ll\u00edtani a gabon\u00e1t, a j\u00f3 min\u0151s\u00e9g\u0171, tiszta b\u00faz\u00e1ra \u00e9s lisztre m\u00e9g nem alakult m\u00e9g ki elegend\u0151 kereslet. A p\u00e9ks\u00e9gek ink\u00e1bb az olcs\u00f3bb, ipari lisztet v\u00e1s\u00e1rol\u00e1k, \u00e9s kev\u00e9s h\u00e1ztart\u00e1s engedhette meg mag\u00e1nak a tudatoss\u00e1got a liszt ter\u00e9n. A nehezebb id\u0151szakok m\u00e9gsem kezdt\u00e9k ki a szem\u00e9lyis\u00e9g\u00e9t jellemez\u0151 szel\u00edd der\u0171t \u00e9s elt\u00f6k\u00e9lts\u00e9get.<\/p>\n\n\n\n<p>A k\u00e9tezres \u00e9vekben m\u00e9g megl\u00e1tt\u00e1k a hagyom\u00e1nyos m\u00f3dszerekkel \u0151rl\u0151 malomban rejl\u0151 \u00f3ri\u00e1si lehet\u0151s\u00e9get. Bio min\u0151s\u00edt\u00e9st kapott a v\u00edzimalom, a k\u00fclf\u00f6ldre gy\u00e1rtott t\u00e9szt\u00e1hoz \u0151r\u00f6lt biokukorica pedig eg\u00e9sz \u00e9vre munk\u00e1val l\u00e1tta el a v\u00edzimalmot. A feladat teljes embert k\u00edv\u00e1n, \u00e9desap\u00e1nk pedig az egyre szigor\u00fabb orvosi intelmek ellen\u00e9re sem v\u00e1ltoztatott a munkatemp\u00f3j\u00e1n. Az utols\u00f3 \u00e9vekben szinte a k\u00f3rh\u00e1z \u00e9s a malom k\u00f6z\u00f6tt j\u00e1rk\u00e1lt. Tal\u00e1n itt is tartotta, egyszersmind fel is em\u00e9sztett\u00e9k a malom k\u00f6r\u00fcli teend\u0151k, a megval\u00f3s\u00edt\u00e1sra v\u00e1r\u00f3 tervek \u00e9s \u00f6tletek. \u00c9s hirtelen a mindig tev\u00e9keny v\u00edzimalom egyszercsak elcsendes\u00fclt. A lisztpor lassan el\u00fclt, a malomillat\u00e9rt egyre k\u00f6zelebb kellett hajolni a g\u00e9pekhez. Ma m\u00e1r csak \u00fcresen, \u201ecsilingelve\u201d forognak a g\u00e9pek, arra v\u00e1rva, hogy egyszer valaki \u00fajra fel\u00f6nts\u00f6n a garatra.<\/p>\n\n\n\n<p>Munk\u00e1j\u00e1t \u00e9s \u00e9let\u00fatj\u00e1t t\u00f6bb d\u00edjjal is elismert\u00e9k. Ezeket sosem kereste igaz\u00e1n, az er\u0151t \u00e9s a megel\u00e9gedetts\u00e9get megtal\u00e1lta a gyerek csod\u00e1lkoz\u00f3 szem\u00e9ben \u00e9s a l\u00e1togat\u00f3k figyelm\u00e9ben. \u0150 lenne a legjobban meglep\u0151dve, ha tudn\u00e1, milyen tisztelettel eml\u00e9kszik vissza ma a szakma az orsz\u00e1g egyik utols\u00f3 v\u00edzimoln\u00e1r\u00e1ra, \u00e9s hogy a k\u00f6rny\u00e9kbeli h\u00e1ziasszonyok m\u00e1ig emlegetik kil\u00f3ra kim\u00e9rt orf\u0171i lisztj\u00e9t. Szeptember 30-\u00e1n r\u00e1 eml\u00e9kez\u00fcnk. \u00c9desap\u00e1nk, F\u00fczes P\u00e9ter eml\u00e9k\u00e9re (1952 \u2013 2011)&#8221;<\/p>\n\n\n\n<p><a","protected":false},"excerpt":{"rendered":"<p>Az igazi \u00e9rt\u00e9kteremt\u00e9s m\u00e9lt\u00f3 p\u00e9ld\u00e1ja a F\u00fczes-csal\u00e1d munk\u00e1ss\u00e1ga Orf\u0171n. Kitart\u00f3 munk\u00e1val \u00fajra\u00e9lesztett\u00e9k a malmot, de nem elv\u00e1gy\u00f3d\u00f3, m\u00faltba r\u00e9ved\u0151 hagyom\u00e1ny\u0151rz\u00e9s ig\u00e9ny\u00e9vel, ami v\u00e9gs\u0151 soron cs\u00fcggeszt, mert elvon a jelent\u0151l, hanem \u00fagy, hogy igaz\u00e1n t\u00e1pl\u00e1l, \u00e9ltet, mert tud\u00e1st ad \u00e1t, k\u00f6z\u00f6ss\u00e9get \u00e9p\u00edt, val\u00f3di eg\u00e9szs\u00e9get, tudatoss\u00e1got szolg\u00e1l, azaz er\u0151s\u00edt \u00e9s szabadd\u00e1 tesz = ez a magas szint\u0171&#8230; <a href=\"https:\/\/pipiter-joga.hu\/en\/2021\/10\/01\/a-valodi-ertekteremtes-egy-ujabb-peldaja\/\">Continue reading <span class=\"screen-reader-text\">&#8222;A val\u00f3di \u00e9rt\u00e9kteremt\u00e9s egy \u00fajabb p\u00e9ld\u00e1ja&#8221;<\/span><\/a><\/p>","protected":false},"author":1,"featured_media":0,"comment_status":"open","ping_status":"open","sticky":false,"template":"","format":"standard","meta":{"pmpro_default_level":"","footnotes":""},"categories":[1],"tags":[11,10,33],"class_list":["post-6094","post","type-post","status-publish","format-standard","hentry","category-egyeb","tag-eletmod","tag-eletszemlelet","tag-tudatossag","pmpro-has-access"],"_links":{"self":[{"href":"https:\/\/pipiter-joga.hu\/en\/wp-json\/wp\/v2\/posts\/6094","targetHints":{"allow":["GET"]}}],"collection":[{"href":"https:\/\/pipiter-joga.hu\/en\/wp-json\/wp\/v2\/posts"}],"about":[{"href":"https:\/\/pipiter-joga.hu\/en\/wp-json\/wp\/v2\/types\/post"}],"author":[{"embeddable":true,"href":"https:\/\/pipiter-joga.hu\/en\/wp-json\/wp\/v2\/users\/1"}],"replies":[{"embeddable":true,"href":"https:\/\/pipiter-joga.hu\/en\/wp-json\/wp\/v2\/comments?post=6094"}],"version-history":[{"count":2,"href":"https:\/\/pipiter-joga.hu\/en\/wp-json\/wp\/v2\/posts\/6094\/revisions"}],"predecessor-version":[{"id":20253,"href":"https:\/\/pipiter-joga.hu\/en\/wp-json\/wp\/v2\/posts\/6094\/revisions\/20253"}],"wp:attachment":[{"href":"https:\/\/pipiter-joga.hu\/en\/wp-json\/wp\/v2\/media?parent=6094"}],"wp:term":[{"taxonomy":"category","embeddable":true,"href":"https:\/\/pipiter-joga.hu\/en\/wp-json\/wp\/v2\/categories?post=6094"},{"taxonomy":"post_tag","embeddable":true,"href":"https:\/\/pipiter-joga.hu\/en\/wp-json\/wp\/v2\/tags?post=6094"}],"curies":[{"name":"wp","href":"https:\/\/api.w.org\/{rel}","templated":true}]}}