{"id":3058,"date":"2020-11-28T07:42:09","date_gmt":"2020-11-28T06:42:09","guid":{"rendered":"https:\/\/pipiter-joga.hu\/?p=3058"},"modified":"2023-11-24T19:02:57","modified_gmt":"2023-11-24T18:02:57","slug":"eroszakmentes-etkezes","status":"publish","type":"post","link":"https:\/\/pipiter-joga.hu\/en\/2020\/11\/28\/eroszakmentes-etkezes\/","title":{"rendered":"Er\u0151szakmentes \u00e9tkez\u00e9s??"},"content":{"rendered":"<p>Most, a 3. csakra <a href=\"https:\/\/pipiter-joga.hu\/en\/2020\/11\/23\/harmadik-mantrank-es-a-napfonat-csakra\/\" data-type=\"post\" data-id=\"3611\" target=\"_blank\" rel=\"noreferrer noopener\">mantr\u00e1z\u00e1s\u00e1n\u00e1l<\/a>, az em\u00e9szt\u00e9s, t\u00e1pl\u00e1lkoz\u00e1s, \u00e9s h\u00e1t igen, az ego kapcs\u00e1n is \u00e9rdemes el\u0151venni ezt, a &#8211; j\u00f3g\u00e1s \u00e9s spiritu\u00e1lis k\u00f6r\u00f6kben legal\u00e1bb is sokszor &#8211; par\u00e1zs vit\u00e1ra alkalmat ad\u00f3 t\u00e9m\u00e1t.<br><strong>Sz\u00f3val hogyan lehet er\u0151szakmentes az \u00e9tkez\u00e9s, hogyan \u00e9rv\u00e9nyes\u00fcl az ahimsz\u00e1*, az er\u0151szakmentess\u00e9g, ha egy\u00e1ltal\u00e1n: <em>eszem<\/em>? <\/strong><\/p>\n\n\n<div class=\"wp-block-image\">\n<figure class=\"aligncenter size-full is-resized\"><img loading=\"lazy\" decoding=\"async\" width=\"600\" height=\"385\" src=\"https:\/\/pipiter-joga.hu\/wp-content\/uploads\/2022\/04\/00_sziv.jpg\" alt=\"\" class=\"wp-image-6527\" style=\"width:253px;height:auto\" srcset=\"https:\/\/pipiter-joga.hu\/wp-content\/uploads\/2022\/04\/00_sziv.jpg 600w, https:\/\/pipiter-joga.hu\/wp-content\/uploads\/2022\/04\/00_sziv-300x193.jpg 300w, https:\/\/pipiter-joga.hu\/wp-content\/uploads\/2022\/04\/00_sziv-16x10.jpg 16w\" sizes=\"auto, (max-width: 600px) 100vw, 600px\" \/><\/figure>\n<\/div>\n\n\n<!--more-->\n\n\n\n<p>Ha j\u00f3g\u00e1zom, nem ehetek h\u00fast? \u00e9s tejet? Meg toj\u00e1st? Akkor sem ehetek toj\u00e1st, ha nincs megterm\u00e9keny\u00edtve, teh\u00e1t nem lenne bel\u0151le csibe (mert a ty\u00fak tojik akkor is, ha nem b\u00fabolja kakas, neki a toj\u00e1s a pete\u00e9r\u00e9se, azt tudjuk tal\u00e1n (\u00e9n, miel\u0151tt ty\u00fakokat kezdtem volna tartani, nem tudtam&#8230; vagy h\u00e1t, nem is gondolkoztam rajta nagyv\u00e1rosi \u00e9letem forgatag\u00e1ban&#8230;:D)? De a n\u00f6v\u00e9nynek is van tudata, s\u0151t k\u00eds\u00e9rletek bizony\u00edtj\u00e1k, hogy f\u00e9lni is tud\u2026 Akkor ha csak n\u00f6v\u00e9nyit eszem, nem f\u0151zhetem, csak nyersen egyem&#8230; felv\u00e1ghatom&#8230;? Egy\u00e1ltal\u00e1n szedhetek gy\u00fcm\u00f6lcs\u00f6t, z\u00f6lds\u00e9get, vagy csak a lehullottat ehetem meg?  Mennyi id\u0151 ut\u00e1n, mikor lesz halott a n\u00f6v\u00e9ny, mikor nem b\u00e1ntom\u2026? Halott \u00e9telt enni mennyire van harm\u00f3ni\u00e1ban az \u00c9lettel, mennyire j\u00e1rja \u00e1t az \u00e9letenergia&#8230;? Vagy akkor k\u00e9sz: b\u0171n az \u00e9tkez\u00e9s, b\u0171nre vagyunk \u00edt\u00e9lve, \u00edgy sosem l\u00e9phet\u00fcnk ki a karmak\u00f6rb\u0151l? Akkor a Teremt\u0151 \u00e9hen halni k\u00fcld\u00f6tt ide minket??! De egy csom\u00f3 j\u00f3gi evett tejterm\u00e9ket, volt, aki azon \u00e9lt&#8230; a R\u00e1m\u00e1jan\u00e1ban R\u00e1ma (aki Visnu egyik avat\u00e1rja) \u00e9s Sz\u00edta is eszik h\u00fast a sz\u00e1m\u0171zet\u00e9sben, R\u00e1ma testv\u00e9re vad\u00e1ssza nekik&#8230; a V\u00e9d\u00e1k is \u00edrj\u00e1k, hogy a vata testalkatnak \u00e9s betegeknek sz\u00fcks\u00e9ges a h\u00fas&#8230; \u00e9s t\u00f6bb j\u00f3gamestert\u0151l is olvastam, hogy nem kell er\u0151ltetni a vegetarianizmust, \u00e9ghajlatt\u00f3l is f\u00fcgg, mennyire tudjuk letenni a h\u00fast&#8230; pl. egy eszkim\u00f3 hi\u00e1ba enne r\u00e9p\u00e1t, megfagyna&#8230; vagy \u0151k akkor nem is vil\u00e1gosodhatnak meg&#8230;? <br>&#8230; o_O<\/p>\n\n\n<div class=\"wp-block-image\">\n<figure class=\"aligncenter is-resized\"><img decoding=\"async\" src=\"https:\/\/mentalfitnessguru.hu\/wp-content\/uploads\/2015\/01\/radzsadjoga.gif\" alt=\"R\u00e1dzsa j\u00f3ga, a kir\u00e1lyok j\u00f3g\u00e1ja. - Mental Fitness Guru\" style=\"width:270px;height:163px\"\/><\/figure>\n<\/div>\n\n\n<p>Most akkor mi vaaaan? <\/p>\n\n\n\n<p><br>H\u00e1t igen&#8230; Ezeknek annyi vari\u00e1ci\u00f3j\u00e1t hallja az ember, hogy m\u00e1r belesz\u00e9d\u00fcl, \u00e9s sokan m\u00e1r szinte semmit sem tudnak a sz\u00e1jukhoz emelni an\u00e9lk\u00fcl, hogy \u00e1t ne futna valamilyen \u00fajabb kutat\u00e1si eredm\u00e9ny a fej\u00fck\u00f6n&#8230; \u00e9s a gyomruk \u00f6ssze ne r\u00e1ndulna&#8230; ami azt\u00e1n t\u00e9nyleg nem okoz t\u00fal j\u00f3 em\u00e9szt\u00e9st \u00e9s t\u00e1panyag-felv\u00e9telt&#8230; <\/p>\n\n\n<div class=\"wp-block-image\">\n<figure class=\"aligncenter is-resized\"><img decoding=\"async\" src=\"https:\/\/cdn.nwmgroups.hu\/s\/img\/i\/1605\/20160510ez-zsir-a-kiegyensulyozott-taplalkozas4.jpg?w=800&amp;h=800&amp;t=5\" alt=\"A kiegyens\u00falyozott t\u00e1pl\u00e1lkoz\u00e1s 7 szab\u00e1lya\" style=\"width:193px;height:193px\"\/><\/figure>\n<\/div>\n\n\n<p>Ez a sokf\u00e9le, toldozott-foldozott \u00e9tkez\u00e9si szab\u00e1lyrendszer mind f\u00e9lreviv\u0151 t\u00e9veszme, \u00e9n \u00fagy l\u00e1tom: aki fel\u00e9bredt m\u00e1r (azaz felel\u0151ss\u00e9get v\u00e1llal az \u00e9let\u00e9\u00e9rt, tudja, hogy \u0151 hozza l\u00e9tre a val\u00f3s\u00e1g\u00e1t), tudatosan figyeli az \u00c9let m\u0171k\u00f6d\u00e9s\u00e9t, hat\u00e1sokat, ellenhat\u00e1sokat, medit\u00e1ci\u00f3ban pedig tapasztalta m\u00e1r a v\u00e9gtelen b\u00e9k\u00e9t, \u00e9s azt, amikor meg\u00e9rkezik a felismer\u00e9s, amire \u00e9ppen sz\u00fcks\u00e9ge van az \u00e9let\u00e9ben, az biztosan beazonos\u00edtotta m\u00e1r azt, hogy <strong>az ilyen cs\u0171r\u00e9sb\u0151l-csavar\u00e1sb\u00f3l<\/strong> , emberi agyburj\u00e1nz\u00e1sb\u00f3l, szab\u00e1lygy\u00e1rt\u00e1sb\u00f3l <strong>sosem alakul ki<\/strong> a Val\u00f3di V\u00e1lasz, <strong>az isteni, a val\u00f3s m\u0171k\u00f6d\u00e9s<\/strong>: <strong>a harm\u00f3nia<\/strong>. Az ilyenek csak arra j\u00f3k, hogy dogm\u00e1kat \u00e9s ez\u00e1ltal szek\u00e9rt\u00e1borokat hozzanak l\u00e9tre, vagyis: kitermelje az ellens\u00e9gesked\u00e9st, a fesz\u00fclts\u00e9get, az el nem fogad\u00e1st m\u00e1sok fel\u00e9, az eg\u00f3s kivagyis\u00e1got \u00f6nmagunk fel\u00e9&#8230; Teh\u00e1t pont ellenkez\u0151 ir\u00e1nyba visz, mint amerre a tudatos ember t\u00f6rekszik: az <strong>\u00c9let <\/strong>nem err\u0151l sz\u00f3l itt, a F\u00f6ld\u00f6n, hanem a <em><strong>teljes <\/strong><\/em><strong>integr\u00e1ci\u00f3r\u00f3l<\/strong>, \u00e9s az\u00e1ltal a <strong>szeretet <\/strong>k\u00e9pess\u00e9g\u00e9nek kifejl\u0151d\u00e9s\u00e9r\u0151l, annak <strong>\u00e9l\u00e9s\u00e9r\u0151l<\/strong>&#8230; Sz\u00f3val aki m\u00e1r tudatosan figyel, \u00e9ber, az megtapasztalta m\u00e1r: <strong>az \u00c9lettel (Istennel, Univerzummal&#8230; stb., ki hogy h\u00edvja) \u00f6sszhangban lev\u0151, harmonikus megold\u00e1s mindig <em>zseni\u00e1lisan egyszer\u0171<\/em>! Nem okoz fesz\u00fclts\u00e9get, nem eszk\u00f6zig\u00e9nyes, nem agyig\u00e9nyes- hanem sz\u00edv- \u00e9s magas tudati szint-, avagy csup\u00e1n: <em>jelenl\u00e9tig\u00e9nyes<\/em>.<\/strong><\/p>\n\n\n<div class=\"wp-block-image\">\n<figure class=\"aligncenter size-large is-resized\"><img loading=\"lazy\" decoding=\"async\" width=\"850\" height=\"510\" src=\"https:\/\/pipiter-joga.hu\/wp-content\/uploads\/2020\/11\/kep-32.png\" alt=\"\" class=\"wp-image-3741\" style=\"width:266px;height:160px\" srcset=\"https:\/\/pipiter-joga.hu\/wp-content\/uploads\/2020\/11\/kep-32.png 850w, https:\/\/pipiter-joga.hu\/wp-content\/uploads\/2020\/11\/kep-32-300x180.png 300w, https:\/\/pipiter-joga.hu\/wp-content\/uploads\/2020\/11\/kep-32-768x461.png 768w, https:\/\/pipiter-joga.hu\/wp-content\/uploads\/2020\/11\/kep-32-612x367.png 612w, https:\/\/pipiter-joga.hu\/wp-content\/uploads\/2020\/11\/kep-32-720x432.png 720w\" sizes=\"auto, (max-width: 850px) 100vw, 850px\" \/><\/figure>\n<\/div>\n\n\n<p>Azzal a sz\u00e1nd\u00e9kkal \u00edrom ezt a posztot, hogy eloszlassam a sok fesz\u00fclts\u00e9get \u00e9s olykor m\u00e1r babon\u00e1s f\u00e9lelmeket, hiedelmet, ami az egyik \u00faj, modern vall\u00e1s, az &#8222;\u00e9tkez\u00e9si vall\u00e1soss\u00e1g&#8221; t\u00e9m\u00e1ja k\u00f6r\u00e9 \u00e9p\u00fclt, \u00e9s ami term\u00e9szetesen, mivel sok fesz\u00fclts\u00e9get hordoz, m\u00e1r betegs\u00e9get is kialak\u00edtott, az orthorexi\u00e1t, a m\u00e1ni\u00e1kusan eg\u00e9szs\u00e9ges \u00e9tkez\u00e9sre t\u00f6rekv\u00e9st. Rem\u00e9lem, hogy n\u00e9h\u00e1ny\u00f3toknak seg\u00edt, \u00e9s ezut\u00e1n <strong>stresszmentesen, \u00f6r\u00f6mtelien, \u00e9s \u00edgy: t\u00e9nylegesen <em>t\u00e1pl\u00e1l\u00f3an <\/em><\/strong>tudtok \u00e9tkezni.<\/p>\n\n\n\n<p>David Wilcock A Forr\u00e1smez\u0151 felfedez\u00e9se c. k\u00f6nyv\u00e9ben sz\u00e1mos kvantumkutat\u00e1st \u00edr le, amelyek al\u00e1t\u00e1masztj\u00e1k, hogy egy nagy egys\u00e9g, egy <strong>nagy tudat r\u00e9szei vagyunk<\/strong>, azaz l\u00e1thatatlan, energetikai, tudati sz\u00e1lakkal <strong>\u00f6ssze vagyunk k\u00f6tve<\/strong>, cselekedeteink, sz\u00e1nd\u00e9kaink hat\u00e1sok, amelyek tov\u00e1bbgy\u0171r\u0171znek azonnal, \u00e9s visszat\u00e9rnek hozz\u00e1nk, teh\u00e1t <strong>amivel tal\u00e1lkozunk az \u00e9let\u00fcnkben, azok val\u00f3j\u00e1ban mi magunk vagyunk<\/strong>. <br>Ebben a k\u00f6nyv\u00e9ben olvashat\u00f3 egy nagyon \u00e9rdekes \u00e9s tanuls\u00e1gos k\u00eds\u00e9rlet , amit egy <a rel=\"noreferrer noopener\" href=\"https:\/\/en.wikipedia.org\/wiki\/Cleve_Backster\" target=\"_blank\">Cleve Backster <\/a>nev\u0171 kutat\u00f3 v\u00e9gzett a &#8217;60-as \u00e9vekben (!): poligr\u00e1ffal, hazugs\u00e1gvizsg\u00e1l\u00f3val tesztelte, hogyan reag\u00e1lnak a n\u00f6v\u00e9nyek az emberi cselekedetekre, gondolatokra, ilyen vagy olyan sz\u00e1nd\u00e9kra (!). <\/p>\n\n\n<div class=\"wp-block-image\">\n<figure class=\"aligncenter is-resized\"><img decoding=\"async\" src=\"https:\/\/m.blog.hu\/ps\/pszichoinformatika\/image\/cleve_backster.jpg\" alt=\"Gondolati hat\u00e1s a n\u00f6v\u00e9nyekre (vide\u00f3) - Pszichoinformatika\" style=\"width:228px;height:auto\"\/><figcaption class=\"wp-element-caption\">Backster<\/figcaption><\/figure>\n<\/div>\n\n\n<p>Backster a hazugs\u00e1gvizsg\u00e1l\u00f3val val\u00f3 <a rel=\"noreferrer noopener\" href=\"https:\/\/www.nytimes.com\/news\/the-lives-they-lived\/2013\/12\/21\/cleve-backster\/\" target=\"_blank\">munk\u00e1ja <\/a>sor\u00e1n, egy \u00e1tdolgozott \u00e9jszaka ut\u00e1n, a reggeli k\u00e1v\u00e9sz\u00fcnetben gondolta, kipr\u00f3b\u00e1lja, milyen hull\u00e1mokat mutat a szoban\u00f6v\u00e9nye, r\u00e1csatolta a poligr\u00e1fot &#8211; azt t\u00e9telezte fel, hogy folyamatos, lapos rajzot fog mutatni a g\u00e9p. Ehelyett azt tapasztalta, hogy nemhogy nem lapos, m\u00e9g csak nem is egyenletesen v\u00e1ltakoz\u00f3, hanem  nagyon is v\u00e1ltozatos: szaggatott a rezg\u00e9sg\u00f6rbe, olyan, amilyet ijedt ember szokott adni&#8230; elkezdte pr\u00f3b\u00e1lgatni, ahogy embereken szokta: az emberek akkor adnak extra jelet, ha a j\u00f3ll\u00e9t\u00fcket vesz\u00e9ly fenyegeti, ha hazudnak, akkor is az\u00e9rt teszik, hogy a vesz\u00e9lyt elker\u00fclj\u00e9k, teh\u00e1t a k\u00ednos k\u00e9rd\u00e9s hallat\u00e1ra hevesebben kezd verni a sz\u00edv\u00fck, a b\u0151r\u00fck elektromos aktivit\u00e1sa n\u0151 a rajta megjelen\u0151 nedvess\u00e9g miatt, stb. R\u00f6vidre fogva: \u00e9szrevette, hogy a laborban lev\u0151 n\u00f6v\u00e9ny f\u00e9lelemreakci\u00f3kat ad m\u00e1r akkor, amikor arra <em>gondol<\/em>, hogy valahogy b\u00e1ntani akarja, pl. meg\u00e9geti a level\u00e9t! Ez\u00e1ltal kimutatta, hogy a n\u00f6v\u00e9nyek is \u00e9reznek, reag\u00e1lnak arra, ahogy mi viselked\u00fcnk, amit mondunk- de m\u00e9g arra is, amit gondolunk! <br>Ez (is, ahogy a k\u00f6nyvben olvashat\u00f3 t\u00f6bbi kutat\u00e1s is) al\u00e1t\u00e1masztja, hogy mindannyian egy hatalmas tudati h\u00e1l\u00f3zat egym\u00e1sra hat\u00f3 r\u00e9szei vagyunk, amit teszek vagy gondolok, <em><strong>amit kisug\u00e1rzok<\/strong><\/em>, <strong>az egy akci\u00f3, elindul a hull\u00e1m, \u00e9s hat\u00e1sa lesz<\/strong>,<strong> \u00e9s t\u00fckr\u00f6z engem, jobban mondva: az aktu\u00e1lis tudati szintemet<\/strong>&#8230;  (Az Ikea iskolai n\u00f6v\u00e9nyb\u00e1nt\u00f3s <a rel=\"noreferrer noopener\" href=\"https:\/\/index.hu\/mindekozben\/poszt\/2018\/05\/07\/az_ikea_arra_kert_egy_csapat_gyereket_hogy_szekaljak_a_novenyeiket\/\" target=\"_blank\">k\u00eds\u00e9rlet\u00e9re <\/a>eml\u00e9keztek biztos&#8230; az is ugyanezt mutatta be, bizony\u00edtotta: a gonoszkod\u00e1s rombol\u00f3, a kedvess\u00e9g gyarap\u00edt\u00f3 hat\u00e1s\u00e1t.) <br>Backster k\u00e9s\u0151bb vizsg\u00e1lt mindenf\u00e9le n\u00f6v\u00e9nyeket, \u00e9teleket, \u00e1llatokat&#8230; azt tapasztalta pl., hogy amikor arra gondolt, hogy meg akarja f\u0151zni a toj\u00e1st, az olyan rezg\u00e9seket bocs\u00e1tott ki, amilyeneket mi, emberek, p\u00e1ni f\u00e9lelm\u00fcnkben szoktunk. <\/p>\n\n\n\n<p>Eszm\u00e9letlen izgalmas, ugye? <\/p>\n\n\n\n<p>\u00c9s akkor most ne m\u00e9l\u00e1zzunk el rajta, hogy sok tud\u00f3s, Einsteint \u00e9s Szentgy\u00f6rgyit is bele\u00e9rtve m\u00e1r t\u00f6bb mint 100 \u00e9ve (!) elmondta, hogy az energia a minden, a val\u00f3s\u00e1g, azt kell vizsg\u00e1lni, \u00e9s az forradalmas\u00edtja a tudom\u00e1nyt, orvosl\u00e1st**, \u00e9s ez is m\u00e1r 60 \u00e9ves kutat\u00e1s, \u00e9s akkor mi\u00e9rt nincs igazi, t\u00f6meges hat\u00e1sa az emberekre&#8230; persze, a k\u00fcl\u00f6nb\u00f6z\u0151 lobbik&#8230; de ne ezen agyaljunk, hogy kik mi\u00e9rt csin\u00e1lj\u00e1k ezt: ezen kereszt\u00fcl kell mennie az emberis\u00e9gnek, ahogy pl. a mostani v\u00edruson is, mert <a rel=\"noreferrer noopener\" href=\"https:\/\/pipiter-joga.hu\/en\/2020\/03\/12\/a-harmoniat-hozo-virus\/\" data-type=\"post\" data-id=\"1543\" target=\"_blank\">tan\u00edt<\/a>, <a rel=\"noreferrer noopener\" href=\"https:\/\/pipiter-joga.hu\/en\/2020\/07\/14\/az-oszi-teli-vizsgaidoszak\/\" data-type=\"post\" data-id=\"3200\" target=\"_blank\">fejleszt <\/a>a helyzet. Mi csak azzal foglalkozzunk, hogy mi magunk ezek szerint \u00e9l\u00fcnk, \u00e9s annak meglesz a hat\u00e1sa! Ha egyre t\u00f6bben \u00edgy tesz\u00fcnk, kiterjednek a pontok&#8230; \u00e9s egyszer csak \u00f6ssze\u00e9rnek a szigetek! Nem lehet siettetni az \u00e9r\u00e9st.<\/p>\n\n\n\n<p>De visszat\u00e9rve az \u00e9tkez\u00e9sre: <strong>akkor mi a megold\u00e1s, hogy ne \u00e9rezz\u00fck minden harap\u00e1sn\u00e1l t\u00f6meggyilkosnak magunkat? <\/strong><\/p>\n\n\n<div class=\"wp-block-image\">\n<figure class=\"aligncenter is-resized\"><img decoding=\"async\" src=\"https:\/\/cdn.pixabay.com\/photo\/2020\/06\/17\/18\/24\/heart-5310646_960_720.jpg\" alt=\"Sz\u00edv Sun Kezek - Ingyenes fot\u00f3 a Pixabay-en\" style=\"width:238px;height:158px\"\/><\/figure>\n<\/div>\n\n\n<p><strong>Mint mindig, itt is a tudatoss\u00e1g, a magas szint\u0171 hozz\u00e1\u00e1ll\u00e1s hozza el a felold\u00e1st,  megold\u00e1st<\/strong>: ha tudom, hogy tanulni,  fejl\u0151dni j\u00f6ttem ebbe a t\u00e9rbe, fejl\u0151dni,  megtapasztalni, hogy minden egy, \u00e9s \u00edgy minden \u00e9n vagyok, minden engem t\u00fckr\u00f6z, akkor tudom, hogy ha fesz\u00fclts\u00e9get okoz valami, az bel\u0151lem fakad&#8230; akkor elkezdek a fesz\u00fclts\u00e9geimen dolgozni, egyre jobban b\u00e9k\u00e9t k\u00f6t\u00f6k magammal, a sorsommal: akkor egyr\u00e9szt egyre jobban a b\u00e9ke, harm\u00f3nia fog ki\u00e1radni bel\u0151lem, \u00e9s a val\u00f3s\u00e1gom is harmonikuss\u00e1 v\u00e1ltozik, m\u00e1sr\u00e9szt a fejl\u0151d\u00e9si utam sor\u00e1n megtapasztalom, hogy mennyif\u00e9le tanulni val\u00f3m van, mennyif\u00e9le blokkolts\u00e1gom van az \u00f6nelfogad\u00e1ssal szemben, \u00e9s tudni fogom mennyire nagy energia, b\u00e1tors\u00e1g ezeket lebontani, \u00e9s azt is hogy mennyire egyedi az \u00c9let tan\u00edt\u00e1sa mindenki sz\u00e1m\u00e1ra&#8230;: \u00edgy kifejl\u0151dik bennem a tisztelet \u00e9s al\u00e1zat: ha l\u00e1tom, hogy m\u00e1s hogyan k\u00fczd az \u00fatj\u00e1n, meg\u00e9rt\u0151 leszek vele, hisz tudom, hogy a legb\u00e1trabb harcos, aki \u00f6nmag\u00e1val szembe k\u00e9pes n\u00e9zni, \u00e9s minden ilyen er\u0151fesz\u00edt\u00e9s tiszteletre m\u00e9lt\u00f3. Azt\u00e1n tisztelem azt is, hogy a m\u00e1sik embernek m\u00e1s az \u00fatja, nem akarom r\u00e1er\u0151szakolni az \u00e9n megold\u00e1saimat, hanem hagyom, hogy saj\u00e1t temp\u00f3j\u00e1ban tapasztaljon: nem veszem \u00e1t a terh\u00e9t, mert tudom, hogy att\u00f3l fog fejl\u0151dni, az viszi az isteni szabads\u00e1g\u00e1ba, \u00e9s nem is ostorozom az\u00e9rt, hogy nem ugyan\u00fagy halad, ahogy \u00e9n&#8230; \u00c9s \u00edgy kifej\u0151dik bennem a tisztelet az \u00c9let \u00e9s a Teremt\u0151 \u00e9s a Teremt\u00e9s ir\u00e1nt is: megtapasztalom, mennyire csod\u00e1latosan t\u00f6k\u00e9letes a teremt\u00e9s, \u00e9s mindennek megvan az oka,<em> m\u00e9g ha \u00e9n adott pillanatban nem is l\u00e1tok r\u00e1 <\/em>(\u00e9s itt \u00fajra az al\u00e1zat, ego elenged\u00e9se&#8230;) &#8230; \u00e9s az \u00c9let tisztelete ki\u00e9rleli bennem, hogy minden\u00e9rt h\u00e1l\u00e1s tudok lenni, nem eg\u00f3b\u00f3l szeml\u00e9lem a dolgokat, azaz nem a s\u00e9relmeim \u00e9s szem\u00e9lyes hasznom perspekt\u00edv\u00e1j\u00e1b\u00f3l, hanem k\u00e9pes vagyok m\u00e1r a Fejl\u0151d\u00e9s az \u00c9let szempontj\u00e1b\u00f3l&#8230; \u00c9s \u00edgy h\u00e1l\u00e1s vagyok az \u00c9letem\u00e9rt, a f\u00f6ldi tapasztal\u00e1sim\u00e9rt, h\u00e1l\u00e1s vagyok minden n\u00f6v\u00e9nynek \u00e9s \u00e1llatnak, ezeknek a csod\u00e1latos \u00e9s tiszta l\u00e9nyeknek, amelyeknek ugyan nincs szabad akaratuk, de a Teremt\u00e9snek egy szelet\u00e9t nagyon tiszt\u00e1n, ego n\u00e9lk\u00fcl jelen\u00edtik meg, \u00e9s h\u00e1l\u00e1s vagyok, hogy ezeket a min\u0151s\u00e9geket tanulhatom t\u0151l\u00fck, ill., hogy a term\u00e9szet k\u00f6rforg\u00e1s\u00e1val hatalmas tan\u00edt\u00e1st adnak nekem az \u00e9let v\u00e9gtelens\u00e9g\u00e9r\u0151l. \u00c9s h\u00e1l\u00e1s vagyok nekik, hogy biztos\u00edtj\u00e1k sz\u00e1momra itt a f\u00f6ldi tanul\u00f3teret, ben\u00e9pes\u00edtik a k\u00f6rnyezetet, gy\u00f6ny\u00f6r\u0171 \u00e9s soksz\u00edn\u0171 teret hoznak l\u00e9tre, hogy rajtuk kereszt\u00fcl \u00e9s t\u0151l\u00fck*** is tanuljak&#8230; <strong>Sz\u00f3val amikor el\u00e9rem azt a szintet, hogy al\u00e1zattal tisztelem a Teremt\u00e9st,<\/strong> <strong>akkor \u00e1lland\u00f3an h\u00e1l\u00e1s vagyok, \u00e9s egys\u00e9gben, b\u00e9k\u00e9ben, harm\u00f3ni\u00e1ban \u00e9lek mindennel \u00e9s mindenkivel, <em>nem \u00e1rtok a l\u00e9tez\u00e9semmel<\/em> (ahimsz\u00e1), mert nem fakad bel\u0151lem fesz\u00fclts\u00e9g&#8230;<\/strong> teh\u00e1t er\u0151szakmentess\u00e9 v\u00e1lok \u00e9n, a l\u00e9tez\u00e9sem&#8230; \u2661<\/p>\n\n\n\n<h2 class=\"wp-block-heading\">A<strong> megold\u00e1s teh\u00e1t a h\u00e1la \u00e9rz\u00e9se, <\/strong><\/h2>\n\n\n\n<p><strong>a h\u00e1laad\u00f3 ima mondjuk&#8230; <\/strong><br>Igen. Backster k\u00eds\u00e9rlete is ezt mutatta ki: ha valaki a lev\u00e1g\u00e1s, h\u00e1moz\u00e1s, f\u0151z\u00e9s&#8230; el\u0151tt hangol\u00f3dott, im\u00e1t mondott el, megk\u00f6sz\u00f6nte annak a l\u00e9nynek, hogy t\u00e1pl\u00e1lja \u0151t, a n\u00f6v\u00e9ny, toj\u00e1s, \u00e1llat megnyugodott, \u00e9s harm\u00f3ni\u00e1t mutat\u00f3 rezg\u00e9seket bocs\u00e1tott ki.<\/p>\n\n\n\n<p><strong>A tisztelet a m\u00e1sik l\u00e9ny fel\u00e9, a h\u00e1la az \u0151 szolg\u00e1lat\u00e1\u00e9rt teh\u00e1t \u00e1tl\u00e9nyeg\u00edti az \u00e9lelmemet: ez a hozz\u00e1\u00e1ll\u00e1som, energi\u00e1m \u00e1tj\u00e1rja az \u00e9telemet, ami eszerint, magas szinten fog t\u00e1pl\u00e1lni, \u00e9s nem betegs\u00e9get fog okozni. <\/strong>B\u00e1rmit is esz\u00fcnk. Igen, <em>b\u00e1rmit<\/em>****. Az mind t\u00e1pl\u00e1lni fog, egyszer\u0171en m\u00e1r <em>nem tud \u00e1rtani semmi<\/em>, ha ez a fenti \u00e1llapot kialakul benn\u00fcnk.<\/p>\n\n\n<div class=\"wp-block-image\">\n<figure class=\"aligncenter is-resized\"><img decoding=\"async\" src=\"https:\/\/kep.index.hu\/1\/0\/3188\/31885\/318854\/31885435_2446357_49d7445f31e935c1c281fdacb5022973_wm.jpg\" alt=\"GettyImages-874551010\" style=\"width:265px;height:176px\"\/><\/figure>\n<\/div>\n\n\n<p>\u00c9s ahogy dolgozunk magunkon, lecsiszol\u00f3dik a har\u00e1csol\u00e1s, agresszi\u00f3, t\u00falfogyaszt\u00e1s is, teh\u00e1t a f\u00e9lelem, aggodalom az \u00e9tel\u00e9rt: nem fogunk sportb\u00f3l vad\u00e1szni, mert tisztelni fogjuk az \u00e9letet, halomra v\u00e1s\u00e1rolni \u00e9s t\u00f6mni magunkat \u00e9s a sp\u00e1jzunkat, vagy \u00e1lland\u00f3an az \u00e9teltermel\u00e9sen agg\u00f3dni, mert m\u00e9ly bizonyoss\u00e1ggal tudni (nem hinni, addigra m\u00e1r tudni!) fogjuk, hogy mindig van el\u00e9g &#8211; egyre magasabb szinten lesz az energi\u00e1nk, hisz egyre ink\u00e1bb fesz\u00fclts\u00e9gmentesek lesz\u00fcnk, \u00edgy az \u00c9let energi\u00e1ja egyre jobban \u00e1tj\u00e1r, \u00e9s ez\u00e9rt am\u00fagy is egyre kevesebb \u00e9lelemre lesz sz\u00fcks\u00e9g\u00fcnk az optim\u00e1lis m\u0171k\u00f6d\u00e9s\u00fcnkh\u00f6z&#8230; <strong>De fontos, hogy nem lehet ezeket siettetni an\u00e9lk\u00fcl, hogy vissza\u00fctne, magunkra, \u00e9s pl\u00e1ne m\u00e1sra r\u00e1er\u0151szakolni.<\/strong> L\u00e1ssuk azt is, hogy am\u00edg az van bennem, hogy \u00e9n tudom a tutit, addig az \u00c9let mindig oda tesz velem szembe valakit, aki k\u00e9pviseli az ellenp\u00f3lust- az egyens\u00faly t\u00f6rv\u00e9nye alapj\u00e1n, ha \u00e9n megjelen\u00edtek egy p\u00f3lust, ott lesz velem szemben ugyanaz pepit\u00e1ban: ezzel tan\u00edt megismer\u00e9sre, elfogad\u00e1sra, \u00edt\u00e9letmentess\u00e9gre az \u00c9let&#8230; <strong>ha er\u0151szakosan akarom a b\u00e9k\u00e9t, szeretet hirdetni, abb\u00f3l nem lesz az, csak \u00fajabb er\u0151szak&#8230;<\/strong> l\u00e1ttunk m\u00e1r ilyet, nem egyszer, ugye&#8230;? <br><strong>Teh\u00e1t hozzuk <span style=\"text-decoration: underline;\">magunkban <\/span>l\u00e9tre a harm\u00f3ni\u00e1t rendszeres elcsendesed\u00e9ssel, tudatos jelenl\u00e9t <a href=\"http:\/\/vimeo.com\/pipiter\" target=\"_blank\" rel=\"noreferrer noopener\">gyakorl\u00e1s\u00e1val<\/a>&#8230; \u00e9s kikopik az er\u0151szak a vil\u00e1g(unk)b\u00f3l is.<\/strong> &#8222;Te magad legy\u00e9l a v\u00e1ltoz\u00e1s, amit l\u00e1tni akarsz a vil\u00e1gban&#8221; &#8211; ahogy Gandhi megfogalmazta.<\/p>\n\n\n\n<p>\u00c9tkez\u00e9s, f\u0151z\u00e9s el\u0151tt teh\u00e1t adjunk h\u00e1l\u00e1t, ak\u00e1r mondjunk el egy h\u00e1laim\u00e1t (a <a href=\"https:\/\/pipiter-joga.hu\/en\/2020\/11\/04\/hala\/\" data-type=\"post\" data-id=\"3370\" target=\"_blank\" rel=\"noreferrer noopener\">h\u00e1l\u00e1r\u00f3l <\/a>\u00e9s <a href=\"http:\/\/pipiter-joga.hu\/en\/tag\/ima\/\" data-type=\"URL\" data-id=\"pipiter-joga.hu\/tag\/ima\" target=\"_blank\" rel=\"noreferrer noopener\">im\u00e1r\u00f3l <\/a>\u00edrtam kor\u00e1bban), ak\u00e1r a klasszik: &#8222;Aki \u00e9telt italt adott, annak neve legyen \u00e1ldott!&#8221; \u00e1ld\u00e1st, ak\u00e1r magunknak fogalmazzunk meg egyet&#8230; inspir\u00e1ci\u00f3k\u00e9nt megosztom, amit \u00e9n \u00edrtam magamnak, ezt szoktam mondani, erre szoktam hangol\u00f3dni magamban: &#8222;\u00c1ldott, aki adja, \u00e1ldott, aki kapja, aki a t\u00e1pl\u00e1l\u00e1st elfogadja, s n\u00f6v\u00e9nyek, \u00e1llatok szolg\u00e1lat\u00e1t ez\u00e1ltal felmagasztalja.&#8221;<\/p>\n\n\n\n<p>Akkor h\u00e1t: j\u00f3 \u00e9tv\u00e1gyat&#8230; azaz val\u00f3di \u00e9t\u00f6r\u00f6m\u00f6t \u00e9s l\u00e9t\u00f6r\u00f6m\u00f6t Mindny\u00e1junknak! \ud83d\ude42<\/p>\n\n\n\n<p>Namaste\u2661<br>Bori<\/p>\n\n\n\n<p>*ahimsz\u00e1: a j\u00f3ga 8 \u00e1ga\/ l\u00e9pcs\u0151je k\u00f6z\u00fcl az els\u0151 a jama, amely 5 egyetemes erk\u00f6lcsi int\u00e9st tartalmaz, az els\u0151 az ahimsz\u00e1, a nem \u00e1rt\u00e1s eszm\u00e9je; tov\u00e1bbiak: a  hazugs\u00e1gt\u00f3l (szatja), a lop\u00e1st\u00f3l (aszt\u00e9ja), a m\u00e9rt\u00e9ktelen szexualit\u00e1st\u00f3l (brahmacsarja) \u00e9s a kapzsis\u00e1gt\u00f3l (aparigraha) val\u00f3 tart\u00f3zkod\u00e1s.<\/p>\n\n\n\n<p>**Alexander Loyd, PhD, ND- Ben Johnson MD, DO, NMD: Gy\u00f3gy\u00edt\u00f3 k\u00f3d, Leviter Kiad\u00f3, 2016, 7. kiad\u00e1s, 77. old.<\/p>\n\n\n\n<p>***A n\u00f6v\u00e9nyek, \u00e1llatok, a term\u00e9szet tanul\u00f3k\u00f6rnyezetet biztos\u00edt az utunkon, f\u00f6ldi fejl\u0151d\u00e9s\u00fcnk sor\u00e1n, \u00e9s ha valaki figyeli \u0151ket, megl\u00e1tja a tan\u00edt\u00e1saikat. Pl. a k\u00f6rfog\u00e1sr\u00f3l, hal\u00e1lr\u00f3l, \u00e9letr\u0151l, elfogad\u00e1sr\u00f3l, t\u00fcrelemr\u0151l, al\u00e1zatr\u00f3l&#8230; minden \u00e1llat, n\u00f6v\u00e9ny tan\u00edt valamit az arra nyitottnak: pl. Baktai \u00c1d\u00e1m sorozatban \u00edrja le Dattatr\u00e9ja tan\u00edt\u00f3mestereit, <a rel=\"noreferrer noopener\" href=\"http:\/\/bhaktikutir.hu\/dattatreja-22-guruja-a-kigyo\/\" target=\"_blank\">k\u00edgy\u00f3t<\/a>, a <a rel=\"noreferrer noopener\" href=\"http:\/\/bhaktikutir.hu\/dattatreja-elso-guruja-a-fold-anya\/\" target=\"_blank\">F\u00f6ld Any\u00e1t<\/a>, stb., \u00e9rdemes elolvasni \u0151ket, hogy ezt a szeml\u00e9letet er\u0151s\u00edts\u00fck magunkban, \u00e9s cs\u00f6kkents\u00fck az esetleges emberi &#8222;teremt\u00e9s koron\u00e1ja&#8221;-g\u0151g\u00f6ss\u00e9get m\u00e1s l\u00e9nyekkel szemben. Ha ezt az al\u00e1zatot meg\u00e9rezz\u00fck, kifejlesztj\u00fck magunkban, \u00e9s h\u00e1l\u00e1sak tudunk lenni az\u00e9rt, hogy tan\u00edt \u00e9s szellemileg \u00e9s testileg is t\u00e1pl\u00e1l minket a term\u00e9szet, akkor nem jelenik meg az er\u0151szak durva energi\u00e1ja az \u00e9tkez\u00e9s\u00fcnkben akkor sem, ha ak\u00e1r magunknak v\u00e1gjuk az \u00e1llatot eb\u00e9dre.<\/p>\n\n\n\n<p>****v\u00f6. a j\u00f3gikat vizsg\u00e1l\u00f3 nyugati k\u00eds\u00e9rletekkel, ahol ci\u00e1nt is nyelettek le a j\u00f3gikkal, akik olyan magas koncentr\u00e1ci\u00f3s\/ tudati szinten voltak, hogy v\u00e9gigvezett\u00e9k az em\u00e9szt\u0151csatorn\u00e1jukon \u00fagy a m\u00e9rget, hogy az nem sz\u00edv\u00f3dott fel, kij\u00f6tt bel\u0151l\u00fck&#8230; &#8211; Yesudian Mi a j\u00f3ga? c. k\u00f6nyv\u00e9ben tal\u00e1lhattok pl. le\u00edr\u00e1sokat, de \u00fagy hallottam, Szv\u00e1mi R\u00e1ma is \u00edrt ilyen k\u00eds\u00e9retekr\u0151l, m\u00e9g nem olvastam.<\/p>","protected":false},"excerpt":{"rendered":"<p>Most, a 3. csakra mantr\u00e1z\u00e1s\u00e1n\u00e1l, az em\u00e9szt\u00e9s, t\u00e1pl\u00e1lkoz\u00e1s, \u00e9s h\u00e1t igen, az ego kapcs\u00e1n is \u00e9rdemes el\u0151venni ezt, a &#8211; j\u00f3g\u00e1s \u00e9s spiritu\u00e1lis k\u00f6r\u00f6kben legal\u00e1bb is sokszor &#8211; par\u00e1zs vit\u00e1ra alkalmat ad\u00f3 t\u00e9m\u00e1t.Sz\u00f3val hogyan lehet er\u0151szakmentes az \u00e9tkez\u00e9s, hogyan \u00e9rv\u00e9nyes\u00fcl az ahimsz\u00e1*, az er\u0151szakmentess\u00e9g, ha egy\u00e1ltal\u00e1n: eszem?<\/p>","protected":false},"author":1,"featured_media":0,"comment_status":"open","ping_status":"open","sticky":false,"template":"","format":"standard","meta":{"pmpro_default_level":"","footnotes":""},"categories":[1],"tags":[100,32,91,24,33,134],"class_list":["post-3058","post","type-post","status-publish","format-standard","hentry","category-egyeb","tag-csakra","tag-emelkedes","tag-etkezes","tag-ima","tag-tudatossag","tag-uj-korszak","pmpro-has-access"],"_links":{"self":[{"href":"https:\/\/pipiter-joga.hu\/en\/wp-json\/wp\/v2\/posts\/3058","targetHints":{"allow":["GET"]}}],"collection":[{"href":"https:\/\/pipiter-joga.hu\/en\/wp-json\/wp\/v2\/posts"}],"about":[{"href":"https:\/\/pipiter-joga.hu\/en\/wp-json\/wp\/v2\/types\/post"}],"author":[{"embeddable":true,"href":"https:\/\/pipiter-joga.hu\/en\/wp-json\/wp\/v2\/users\/1"}],"replies":[{"embeddable":true,"href":"https:\/\/pipiter-joga.hu\/en\/wp-json\/wp\/v2\/comments?post=3058"}],"version-history":[{"count":85,"href":"https:\/\/pipiter-joga.hu\/en\/wp-json\/wp\/v2\/posts\/3058\/revisions"}],"predecessor-version":[{"id":17071,"href":"https:\/\/pipiter-joga.hu\/en\/wp-json\/wp\/v2\/posts\/3058\/revisions\/17071"}],"wp:attachment":[{"href":"https:\/\/pipiter-joga.hu\/en\/wp-json\/wp\/v2\/media?parent=3058"}],"wp:term":[{"taxonomy":"category","embeddable":true,"href":"https:\/\/pipiter-joga.hu\/en\/wp-json\/wp\/v2\/categories?post=3058"},{"taxonomy":"post_tag","embeddable":true,"href":"https:\/\/pipiter-joga.hu\/en\/wp-json\/wp\/v2\/tags?post=3058"}],"curies":[{"name":"wp","href":"https:\/\/api.w.org\/{rel}","templated":true}]}}