{"id":2997,"date":"2020-06-04T21:47:34","date_gmt":"2020-06-04T20:47:34","guid":{"rendered":"https:\/\/pipiter-joga.hu\/?p=2997"},"modified":"2024-02-11T21:22:14","modified_gmt":"2024-02-11T20:22:14","slug":"100","status":"publish","type":"post","link":"https:\/\/pipiter-joga.hu\/en\/2020\/06\/04\/100\/","title":{"rendered":"&#8222;V\u00e9rz\u0151 csonkb\u00f3l [&#8230;] \u00faj erd\u0151&#8221;"},"content":{"rendered":"<p>M\u00e1r k\u00e9s\u0151 van, de nem tudok a mai d\u00e1tum mellett sz\u00f3 n\u00e9lk\u00fcl elmenni, \u00fagyhogy nekil\u00e1tok \u00edrni, tiszt\u00edtani. Sok minden eszembe jut a mai nappal kapcsolatban, Trianon 100. \u00e9vfordul\u00f3j\u00e1n. Sokkol\u00f3an kegyetlen volt ez a d\u00f6nt\u00e9s, \u00e9s igaza lett Foch marsallnak: \u201eEz nem b\u00e9ke, csak fegyversz\u00fcnet h\u00fasz \u00e9vre.\u201d, annyira nem volt b\u00f6lcs volt ez a b\u00e9kek\u00f6t\u00e9s, hogy val\u00f3ban, 20 \u00e9v \u00e9s 64 nap m\u00falva kit\u00f6rt a II. vil\u00e1gh\u00e1bor\u00fa. <\/p>\n\n\n\n<!--more-->\n\n\n\n<p>Anyai nagypap\u00e1m, tat\u00e1m, ahogy mi h\u00edvtuk, 1906-os sz\u00fclet\u00e9s\u0171, sz\u00e9kelyf\u00f6ldi, parajdi, nagymam\u00e1m \u0151rvid\u00e9ki, de akkor m\u00e1r P\u00e9csett \u00e9ltek, amikor \u0151 1916-ban megsz\u00fcletett, apai nagypap\u00e1mmal nem tal\u00e1lkozhattam, kor\u00e1bban meghalt, de tudom, hogy 1909-es, bukovinai sz\u00e9kely, istenseg\u00edtsi sz\u00fclet\u00e9s\u0171, \u00e9s nagymam\u00e1m szint\u00e9n bukovinai sz\u00e9kely, istenseg\u00edtsi sz\u00fclet\u00e9s\u0171, 1919-es. Sz\u00f3val nekem hat\u00e1ron t\u00fali v\u00e9r cs\u00f6rgedezik az ereimben, amennyire tudom, \u00e9s hab\u00e1r t\u00fcke p\u00e9csinek tartom magam, de amikor 12 \u00e9vesen Borsz\u00e9ken \u00e9s k\u00f6rny\u00e9k\u00e9n kir\u00e1ndultam az iskol\u00e1val, nagy \u00e9lm\u00e9ny volt, megtelt a sz\u00edvem az erd\u00e9lyi t\u00e1jjal \u00e9s csod\u00e1s helyekkel, \u00f6ntudatlanul eml\u00e9kezett a v\u00e9rem&#8230; azt\u00e1n 17 \u00e9vesen, ny\u00e1ron, bar\u00e1tokkal kiaut\u00f3ztunk 2 kocsival Sz\u00e9kelyf\u00f6ldre, ahol a sepsiszentgy\u00f6rgyi Endre, akinek am\u00fagy j\u00fan. 4. a sz\u00fclinapja, k\u00eds\u00e9rt mindenf\u00e9le fantasztikus helyekre minket. Elment\u00fcnk Parajd mell\u00e9 is, Korondra, ahol a fazekasmester feles\u00e9ge, a vir\u00e1goz\u00f3asszony (akik am\u00fagy a Vil\u00e1gki\u00e1ll\u00edt\u00e1son k\u00e9pviselt\u00e9k a korondi fazekasokat), ahogy bel\u00e9pt\u00fcnk a kapun, csak r\u00e1m n\u00e9zett \u00e9s m\u00e9g nem is k\u00f6sz\u00f6nhettem, r\u00f6gt\u00f6n azt mondta nekem, &#8222;Te innen vagy&#8221;, ez  nagyon meg\u00e9rintett,  k\u00f6nnybe l\u00e1badt a szemem, \u00e9s sz\u00f3 szerint \u00e9reztem a gy\u00f6kereimet \u00e9letre kelni Sz\u00e9kelyf\u00f6ld talaj\u00e1ban&#8230; meghat\u00e1roz\u00f3 \u00e9lm\u00e9ny volt.<\/p>\n\n\n\n<div class=\"wp-block-image\"><figure class=\"alignright size-large is-resized\"><img loading=\"lazy\" decoding=\"async\" src=\"https:\/\/pipiter-joga.hu\/wp-content\/uploads\/2020\/06\/k\u00e9p-2.png\" alt=\"\" class=\"wp-image-3003\" width=\"197\" height=\"406\" srcset=\"https:\/\/pipiter-joga.hu\/wp-content\/uploads\/2020\/06\/k\u00e9p-2.png 497w, https:\/\/pipiter-joga.hu\/wp-content\/uploads\/2020\/06\/k\u00e9p-2-146x300.png 146w\" sizes=\"auto, (max-width: 197px) 100vw, 197px\" \/><\/figure><\/div>\n\n\n\n<p>A csal\u00e1dunk b\u0151ven \u00e9rintett volt a trianoni d\u00f6nt\u00e9s k\u00f6vetkezm\u00e9nyeiben, Tat\u00e1t p\u00e9ld\u00e1ul nem engedt\u00e9k le\u00e9retts\u00e9gizni a rom\u00e1nok, m\u00e9g akkor sem, amikor m\u00e1r megvolt a szegedi orvostudom\u00e1nyi egyetemen a kiv\u00e1l\u00f3 k\u00e9mia szigorlata (vhogy j\u00e1rhatott \u00edgy is egyetemre) (am\u00fagy ott Szentgy\u00f6rgyi csoportj\u00e1ban kutatott o_O), \u0151k \u00e1lland\u00f3an megbuktatt\u00e1k, pedig mindig kit\u0171n\u0151 tanul\u00f3 volt, m\u00e1r csak az\u00e9rt is, mert szeg\u00e9nyek voltak, \u00e9s sz\u00fcks\u00e9ge volt az \u00f6szt\u00f6nd\u00edjra, hogy tanulhasson&#8230; azt\u00e1n \u00fagy siker\u00fclt v\u00e9g\u00fcl, hogy S\u00e1rospatakra \u00e1t tudt\u00e1k vinni az \u00fcgyet, \u00e9s ott le tudta tenni az \u00e9retts\u00e9gi vizsg\u00e1t. <br>A m\u00e1sik oldalon szint\u00e9n voltak konflikusok, apai nagypap\u00e1mat megk\u00e9selt\u00e9k a rom\u00e1nok, mert r\u00e1juk sz\u00f3lt, hogy viselkedjenek rendesen a buszon, amit \u0151 vezetett. Azt\u00e1n m\u00e9g hal\u00e1losan meg is fenyegett\u00e9k, \u00fagyhogy D\u00e9v\u00e1r\u00f3l azonnal el kellett menek\u00fclni\u00fck, \u00edgy j\u00f6ttek Aradon \u00e1t Barany\u00e1ba&#8230; \u00e9s m\u00e9g sorolhatn\u00e1m&#8230; <br>Sz\u00f3val a mi csal\u00e1dunkban sokat besz\u00e9lt\u00fcnk Trianonr\u00f3l, \u00e9s volt f\u00e9rjem t\u00f6rt\u00e9n\u00e9szk\u00e9nt rengeteget foglalkozott vele, nem tudta megem\u00e9szteni, \u00e9s sokat hallottam t\u0151le is, hogy milyen mulaszt\u00e1sok, nemt\u00f6r\u0151d\u00f6ms\u00e9g, k\u00f6nnyelm\u0171s\u00e9gek t\u00f6rt\u00e9ntek a gy\u0151ztes hatalmak k\u00fcld\u00f6ttei r\u00e9sz\u00e9r\u0151l, csak gyorsan le akart\u00e1k tudni az egyeztet\u00e9seket, hogy mehessenek korz\u00f3zni a napf\u00e9nyes P\u00e1rizsba, stb&#8230;. neh\u00e9z meg\u00e9rteni ezt. Apuk\u00e1m m\u00e1ig haragszik a mongolokra, t\u00f6r\u00f6k\u00f6kre, szerbekre, rom\u00e1nokra, osztr\u00e1kokra&#8230; mindenkire, aki valaha \u00e1rtott a magyaroknak. Sz\u00f3val \u00e9n \u00edgy n\u0151ttem fel, n\u00e1lunk ez t\u00e9ma volt szinte minden vas\u00e1rnapi eb\u00e9dn\u00e9l&#8230; <\/p>\n\n\n\n<div class=\"wp-block-image\"><figure class=\"alignright size-large is-resized\"><img loading=\"lazy\" decoding=\"async\" src=\"https:\/\/pipiter-joga.hu\/wp-content\/uploads\/2020\/06\/k\u00e9p-1.png\" alt=\"\" class=\"wp-image-3001\" width=\"220\" height=\"307\" srcset=\"https:\/\/pipiter-joga.hu\/wp-content\/uploads\/2020\/06\/k\u00e9p-1.png 251w, https:\/\/pipiter-joga.hu\/wp-content\/uploads\/2020\/06\/k\u00e9p-1-215x300.png 215w\" sizes=\"auto, (max-width: 220px) 100vw, 220px\" \/><\/figure><\/div>\n\n\n\n<p>De m\u00e1ra \u00e1talakult bennem, m\u00e1r siker\u00fclt elengednem a haragot, mert meg\u00e9rtettem, mi\u00e9rt kaptuk ezt a s\u00falyos tan\u00edt\u00e1st, megtudtam a magyar nemzetnek micsoda feladata- lett volna&#8230; hogyan kellett volna elhoznia az istentud\u00e1st Nyugatra, ahol akkor m\u00e9g az \u00fan. tark\u00f3sok k\u00f6z\u00f6tt m\u00e9g az emberev\u00e9s sem volt ritka (a kelta \u00e9s egyiptomi sz\u00f6vegeket tartalmaz\u00f3 Kolbrin Bibl\u00e1ban olvashat\u00f3 t\u00f6rv\u00e9nyek k\u00e9pet adnak r\u00f3la, hogy milyen szinten \u00e9ltek), a ma nom\u00e1dnak \u00e9s barb\u00e1rnak tan\u00edtott magyarok pedig akkor m\u00e1r zuhanyoztak, v\u00e1rosaik (!) alatt hatalmas alag\u00fatrendszereket \u00e9p\u00edtettek, m\u00e1ig \u00e1ll a k\u00ednai Feh\u00e9rv\u00e1r, \u00e9s a k\u00f6r\u00e9 \u00e9p\u00fclt v\u00e1ros maradv\u00e1nyai, ahol <em>v\u00e1rosi <\/em>\u00e9let folyt, \u00e9s t\u00e1rsadalmi szerkezet\u00fck mai szemmel f\u0151k\u00e9nt hihetetlen b\u00f6lcsen fel\u00e9p\u00edtett volt, teh\u00e1t nem k\u00f3v\u00e1lyg\u00f3 nom\u00e1dok voltak, akik csak \u00fagy elindultak Nyugatra, mert arra l\u00f6ttyent az agyuk- amit mi honfoglal\u00e1snak tanulunk, a t\u00f6bbedik hull\u00e1m volt, \u00e9s 80 \u00e9vig k\u00e9sz\u00edtett\u00e9k el\u0151, pl. 8 gyermeket kellett v\u00e1llalnia minden csal\u00e1dnak, hogy legyen el\u00e9g ember, hogy csak ennyit eml\u00edtsek&#8230; Teh\u00e1t j\u00f3val az \u00fan. honfoglal\u00e1s el\u0151ttre ny\u00falik vissza a t\u00f6rt\u00e9net\u00fcnk, magas szint\u0171 kult\u00far\u00e1nk, tud\u00e1sunk. Ez mind le van \u00edrva az Arvisur\u00e1kban, a hun t\u00f6rzssz\u00f6vets\u00e9g t\u00f6rt\u00e9net\u00e9ben, amit a r\u00f3v\u00f3s\u00e1m\u00e1nok jegyeztek fel aranyt\u00e1bl\u00e1kra&#8230; \u00e9rdemes elolvasni, hogy v\u00e9gre tudjuk, kik vagyunk. \u00c9s nem az\u00e9rt hogy \u00fagy fej\u00fcnkbe sz\u00e1lljon a dics\u0151s\u00e9g, hogy len\u00e9zz\u00fcnk m\u00e1st, hanem hogy tudjuk magunkat bet\u00e1jolni, \u00e9rt\u00e9kelni, b\u00e9k\u00e9t k\u00f6tni a t\u00f6rt\u00e9ntekkel, \u00e9s tenni a dolgunkat v\u00e9gre. Minden nemzetnek megvan a feladata, amit ki kellene teljes\u00edtenie, mi is tegy\u00fck hozz\u00e1 az isteni mozaikhoz a nagyon fontos r\u00e9sz\u00fcnket, \u00e9s emelj\u00fck az Emberis\u00e9g szintj\u00e9t azzal, hogy emelj\u00fck a Magyars\u00e1g szintj\u00e9t, tudatoss\u00e1gi szintj\u00e9t!<\/p>\n\n\n\n<p>A feladat az lett volna, hogy a Nagy v\u00edzt\u0151l a Nagy v\u00edzig, azaz a Csendest\u0151l eg\u00e9szen az Atlanti-\u00f3ce\u00e1nig elvigy\u00e9k a magas tud\u00e1st, az istentud\u00e1st, \u00e9s persze vele a kult\u00far\u00e1t is. Sajnos t\u00f6bbsz\u00f6r is f\u00e9lresiklott a v\u00e9grehajt\u00e1sa, m\u00e9gpedig az ego miatt, mert a feladatot v\u00e9grehajt\u00f3knak fej\u00fckbe sz\u00e1llt a dics\u0151s\u00e9g, \u00e9s v\u00e9g\u00fcl m\u00e1r nem az isteni rendet szolg\u00e1lt\u00e1k, hanem saj\u00e1t dics\u0151s\u00e9g\u00fcket f\u00e9nyezt\u00e9k \u00e9s zseb\u00fcket t\u00f6mt\u00e9k. Hogy csak egyet eml\u00edtsek, Atilla nem hallgatott az otthonr\u00f3l, Keletr\u0151l, Ordoszb\u00f3l j\u00f6v\u0151 tan\u00e1csokra, intelmekre, hanem m\u00e1shogy hajtotta v\u00e9gre a haditervet, a saj\u00e1t feje ut\u00e1n ment \u00e9s saj\u00e1t dics\u0151s\u00e9g\u00e9t akarta f\u00e9nyezni&#8230; azt\u00e1n egy germ\u00e1n n\u0151t vett el- aki meg is m\u00e9rgezte. Negat\u00edv karma. Az \u00c9let kiiktatta, mert <strong>a hatalmas er\u0151t, lehet\u0151s\u00e9geket m\u00e1sra ford\u00edtotta, mint amire kapta<\/strong>. \u00c9s m\u00e9g lehetne sorolni, Kursz\u00e1n vs. \u00c1rp\u00e1d, Istv\u00e1n vs. Kopp\u00e1ny, kereszt\u00e9nys\u00e9g, istenf\u00e9l\u00e9s v\u00e1laszt\u00e1sa az isten<em>tud\u00e1ssal <\/em>(vagy ahogy a Hagyat\u00e9kban Wass Albert nevezi: az \u00d6registen hit\u00e9vel) szemben, IV. B\u00e9la \u00e1rul\u00e1sa, M\u00e1ty\u00e1s meg\u00f6l\u00e9se&#8230; de nem akarom hossz\u00fara ny\u00fajtani, olvass\u00e1tok el az Arvisur\u00e1kat&#8230; A l\u00e9nyeg, hogy sz\u00e1mtalanszor t\u00e9rt\u00fcnk le az \u00fatr\u00f3l, anyagi, \u00f6n\u00f6s \u00e9rdek\u00e9rt feladva az isteni k\u00fcldet\u00e9st, Mag n\u00e9p\u00e9nek k\u00fcldet\u00e9s\u00e9t.  Hogy isteni v\u00e9delem alatt \u00e1llunk, azt szerintem m\u00e1r \u00f6nmag\u00e1ban az is bizony\u00edtja, hogy ez a maroknyi n\u00e9p m\u00e9g l\u00e9tezik. Csorbult mindenhol a c\u00e9l, a tud\u00e1s\u2026 de megvan, le is \u00edrva, akinek van f\u00fcle, hallja, akinek van szeme, l\u00e1tja, \u00e9s a lehet\u0151s\u00e9g ott van benn\u00fcnk, a Magban!<br>A hun t\u00f6rzssz\u00f6vets\u00e9g \u00f6sszej\u00f6veteleir\u0151l csak a magyarok hi\u00e1nyoznak, de m\u00e1ig fenntartj\u00e1k a hely\u00fcnket a k\u00f6rben, a rendszeres gy\u0171l\u00e9seken: t\u00fcrelmesen v\u00e1rj\u00e1k, hogy a testv\u00e9rek \u00e9szre t\u00e9rjenek. <\/p>\n\n\n\n<p>Teh\u00e1t Trianon: s\u00falyos tan\u00edt\u00e1s. Az \u00c9let, az isteni er\u0151 r\u00e9sz\u00e9r\u0151l, hogy ha ezt a csodahelyet, a csodatud\u00e1st nem haszn\u00e1ltuk fel helyesen, megalkudtunk, d\u00f6rg\u00f6l\u0151zt\u00fcnk p\u00e9nz\u00e9rt, elismer\u00e9s\u00e9rt \u00e9s ki\u00e1rultunk mindent, akkor tess\u00e9k, megcsonk\u00edtj\u00e1k, az orsz\u00e1g 2\/3-\u00e1t, szinte minden b\u00e1ny\u00e1t, er\u0151forr\u00e1st elvesz\u00edtve kell v\u00e9grehajtani a feladatot. Kicsib\u0151l, kishit\u0171b\u0151l kell naggy\u00e1 v\u00e1lni, nagyot alak\u00edtani. Ilyen a negat\u00edv karma. <strong>Ha vissza\u00e9lsz a t\u00e1mogat\u00f3 er\u0151kkel, er\u0151forr\u00e1sokkal, akkor nehezebb viszonyok k\u00f6z\u00e9 ker\u00fclsz, hogy onnan direktebben kapva a tan\u00edt\u00e1st, r\u00e1j\u00f6jj arra, merre <em>\u00e9rdem<\/em>es val\u00f3ban haladni, hogyan lehet mindenkit emel\u0151 rendszert ki\u00e9p\u00edteni, nemzeti \u00e9s vil\u00e1g szinten is, nem \u00f6nz\u0151 \u00e9s kizsigerel\u0151 fejl\u0151d\u00e9st m\u0171k\u00f6dtetni, hanem a val\u00f3di, \u00e9rt\u00e9kteremt\u0151 Fejl\u0151d\u00e9st szolg\u00e1lni&#8230; <\/strong>A szorult helyzetben csak r\u00e1j\u00f6v\u00fcnk, hogy hol az \u00dat, az Igazs\u00e1g, az \u00c9let, mert m\u00e1r kisz\u00farja a szem\u00fcnket a sok igazs\u00e1gtalans\u00e1g, <a rel=\"noreferrer noopener\" href=\"https:\/\/www.youtube.com\/watch?v=y3Q2JRFxAoI\" target=\"_blank\">szolgasorban senyved\u00e9s<\/a>&#8230; h\u00e1t, a megold\u00e1sig m\u00e9g nem jutottunk el, jelenleg a senyved\u00e9si szakasz tart&#8230; de \u00e9ledezik az er\u0151, az emberek form\u00e1l\u00f3dnak, egyre t\u00f6bben \u00e9brednek fel!<\/p>\n\n\n\n<div class=\"wp-block-image\"><figure class=\"alignright size-large\"><img loading=\"lazy\" decoding=\"async\" width=\"225\" height=\"225\" src=\"https:\/\/pipiter-joga.hu\/wp-content\/uploads\/2020\/06\/k\u00e9p-3.png\" alt=\"\" class=\"wp-image-3012\" srcset=\"https:\/\/pipiter-joga.hu\/wp-content\/uploads\/2020\/06\/k\u00e9p-3.png 225w, https:\/\/pipiter-joga.hu\/wp-content\/uploads\/2020\/06\/k\u00e9p-3-150x150.png 150w, https:\/\/pipiter-joga.hu\/wp-content\/uploads\/2020\/06\/k\u00e9p-3-144x144.png 144w\" sizes=\"auto, (max-width: 225px) 100vw, 225px\" \/><\/figure><\/div>\n\n\n\n<p>Sz\u00f3val \u00e9n \u00edgy tudtam ezt elengedni, meg\u00e9rteni, lerakni a s\u00falyt, feloldani a szomor\u00fas\u00e1got \u00e9s d\u00fch\u00f6t. Persze nagyon szeretn\u00e9m, ha a hat\u00e1ron t\u00fali magyarok \u00fajra hozz\u00e1nk tartozn\u00e1nak nem csak sz\u00edv\u00fcnkben, hanem ter\u00fcletileg is, vagy legal\u00e1bb auton\u00f3mi\u00e1juk lenne, al\u00e1 is \u00edrtam a pet\u00edci\u00f3t term\u00e9szetesen, \u00e9s mindig al\u00e1\u00edrom, t\u00e1mogatom az ilyen c\u00e9l\u00fa t\u00f6rekv\u00e9seket- b\u00e1r szomor\u00fanak tartom, hogy vannak politikusok, akik ebben csak a bizniszt l\u00e1tj\u00e1k, sz\u00e1mukra a nemzeti \u00e9rz\u00e9s csup\u00e1n &#8222;piaci r\u00e9s&#8221;. A vezet\u0151k most sem tiszt\u00e1k, \u00fagyhogy <strong>amit tehet\u00fcnk, hogy alulr\u00f3l szervez\u0151d\u00fcnk, nem h\u00e1r\u00edtjuk az egy\u00e9ni felel\u0151ss\u00e9g\u00fcnket, hanem rendbe tessz\u00fck az \u00e9let\u00fcnket, oldjuk a blokkjainkat, n\u00f6velj\u00fck a tudatoss\u00e1gi szint\u00fcnket, tisztulunk, tessz\u00fck, ami lelkes\u00edt, magas sz\u00ednvonalon, val\u00f3di \u00e9rt\u00e9kek ment\u00e9n &#8211; \u00e9s a ragyog\u00e1sunkkal hirdetj\u00fck a vil\u00e1gban a val\u00f3di \u00c9rt\u00e9ket (egy <a rel=\"noreferrer noopener\" href=\"https:\/\/pipiter-joga.hu\/en\/2020\/06\/06\/szepbe-szott-hit\/\" data-type=\"post\" data-id=\"3049\" target=\"_blank\">j\u00f3 p\u00e9lda erre<\/a>). Az \u00c9rt\u00e9k energia, \u00e9s vonzza az embereket, mert a Lelk\u00fck odair\u00e1ny\u00edtja \u0151ket, \u00edgy k\u00f6r\u00f6ket, k\u00f6z\u00f6ss\u00e9geket szervez\u00fcnk, ahol a Szabads\u00e1g \u00e9s Igazs\u00e1g, a val\u00f3di Isteni Energia, Rend, T\u00f6rv\u00e9ny energi\u00e1j\u00e1ra t\u00f6reksz\u00fcnk, amely, az \u00e1ltal hogy egyre t\u00f6bb magyar aszerint \u00e9l, keresi a Fejl\u0151d\u00e9st, \u00f6nmaga magasszint\u0171 kibont\u00e1s\u00e1t, eg\u00f3ja lefarag\u00e1s\u00e1t: kiterjed.<\/strong><br>\u00c9n m\u00e1r nem haragszom a rom\u00e1nokra, a szerbekre, stb. \u00e9rtem, hogy \u0151k csup\u00e1n megjelen\u00edtett\u00e9k az anyagi szinten a tan\u00edt\u00e1st, viselked\u00e9s\u00fckkel tan\u00edt\u00f3k, felr\u00e1z\u00f3k: hogy szedj\u00fck m\u00e1r \u00f6ssze magunkat \u00e9s vetk\u0151zz\u00fck le a &#8222;kicsi vagyok, semmit se tudok&#8221;, &#8222;minden j\u00f3 dolog az orsz\u00e1gon k\u00edv\u00fcl van csak&#8221;, stb. hozz\u00e1\u00e1ll\u00e1st, a harag d\u00e9delget\u00e9s\u00e9t, az \u00f6nsajn\u00e1latot, a hatalmas ego miatti sz\u00e9th\u00faz\u00e1st, hisz ez \u00f6nsorsront\u00e1s, ismerj\u00fck a vonz\u00e1s t\u00f6rv\u00e9ny\u00e9t, az nem csak egy\u00e9ni szinten m\u0171k\u00f6dik, csal\u00e1di \u00e9s nemzeti szinten is: <strong>amire f\u00f3kusz\u00e1lsz, az \u00e9rkezik Hozz\u00e1d<\/strong>, ha f\u00e9lsz, az j\u00f6n be, ha tehetetlen vagy \u00e9s nem mersz tenni, az maradsz. Teh\u00e1t igenis el\u0151re n\u00e9zz\u00fcnk \u00e9s tegy\u00fcnk magunk\u00e9rt, tudatosan csiszolgatva, lebontva a a leh\u00faz\u00f3 r\u00e9tegeket magunkr\u00f3l, d\u00fch\u00f6t, keserg\u00e9st elengedve&#8230; hogy <strong>kib\u00fajhasson a MAG<\/strong>! \u00c9s \u00edgy nem csak magunk\u00e9rt tesz\u00fcnk, a nemzet\u00e9rt is, mert a k\u00f6z\u00f6s emelked\u00e9s \u00edgy j\u00f6n l\u00e9tre, \u00e9s \u00edgy tessz\u00fck hozz\u00e1 a mi r\u00e9sz\u00fcnket is a magyar nemzet feladat\u00e1hoz is!<\/p>\n\n\n\n<p> <a rel=\"noreferrer noopener\" href=\"https:\/\/pipiter-joga.hu\/en\/2020\/03\/13\/egymast-erositve-fel\/\" target=\"_blank\">Az im\u00e1t, amit kor\u00e1bban \u00edrtam<\/a> \u00e9s megosztottam, abban a nemzet\u00e9rt is im\u00e1dkozom, szoktam ezt rendszeresen mondani, ha j\u00f3 sz\u00edvvel teszitek, mondj\u00e1tok Ti is ezt, vagy saj\u00e1t szavaitokkal im\u00e1dkozzatok, emelj\u00e9tek saj\u00e1t \u00e9s a k\u00f6z\u00f6s enegia- \u00e9s tudatoss\u00e1gi szintet! Kell a k\u00f6z\u00f6s er\u0151, kell, hogy megfogalmazzuk, kimondjuk ezeket, \u00e9s kell, hogy tegy\u00fcnk, tudatosodjunk, \u00e9s hogy \u00e9lj\u00fck a fejl\u0151d\u00e9st, hogy val\u00f3ban ott legyen a sz\u00edv\u00fcnkben a bizonyoss\u00e1g, hogy egy\u00e9nileg \u00e9s nemzeti szinten is feladatunk van, van feladatunk, amit ki tudunk bontani, \u00e9s most m\u00e1r ki is kell bontani! <\/p>\n\n\n\n<p>B\u00facs\u00faz\u00f3ul bem\u00e1solom egyik kedves versemet, mert egyet\u00e9rtek: a k\u0151 marad- az isteni Rend megmarad- \u00e9s vagy tudatosan, sz\u00e1rnyalva vagyunk r\u00e9szesei, vagy aki nem \u00e9bred fel, nem v\u00e1ltoztat, az szolgaian, f\u00fcgg\u0151s\u00e9gekben, szenvedve, lassan izzadja ki mag\u00e1b\u00f3l a l\u00e9p\u00e9seket&#8230; a karant\u00e9n megmutatta, hogy mennyire k\u00fcl\u00f6nb\u00f6znek m\u00e1r a meg\u00e9lt val\u00f3s\u00e1gok att\u00f3l f\u00fcgg\u0151en, ki mire f\u00f3kusz\u00e1l, milyen tudatoss\u00e1ggal m\u0171k\u00f6dik. Ez egyre er\u0151s\u00f6dik a mostani id\u0151kben. A v\u00e1laszt\u00e1s mindig a Ti\u00e9d.<br>Namaste &lt;3<br>Bori<\/p>\n\n\n\n<pre class=\"wp-block-preformatted\">&nbsp;Wass Albert: \u00dczenet haza\n\n\u00dczenem az otthoni hegyeknek:\na csillagok j\u00e1r\u00e1sa v\u00e1ltoz\u00f3.\n\u00c9s t\u00f6rv\u00e9nyei vannak a szeleknek,\nes\u0151nek, h\u00f3nak, fellegeknek\n\u00e9s nincsen bor\u00fa, \u00f6r\u00f6kk\u00e9val\u00f3.\nA v\u00edz szalad, a k\u0151 marad,\na k\u0151 marad.\n\n\u00dczenem a f\u00f6ldnek: csak teremjen,\nha s\u00e1ska r\u00e1gja is le a vet\u00e9st.\nHa vakond t\u00farja is a gy\u00f6keret.\nA vil\u00e1g f\u00f6l\u00f6tt \u0151rk\u00f6dik a Rend\ns nem v\u00e9sz magja a nemes gabon\u00e1nak,\nde h\u00edre sem lesz egykor a csal\u00e1nnak;\naz id\u0151 lemarja a gyomokat.\nA v\u00edz szalad, a k\u0151 marad,\na k\u0151 marad.\n\n\u00dczenem az erd\u0151nek: ne f\u00e9ljen,\nha csattog is a balt\u00e1sok hada.\nMert er\u0151sebb a balt\u00e1n\u00e1l a fa\ns a v\u00e9rz\u0151 csonkb\u00f3l virrad\u00f3 tavaszra\n\u00faj erd\u0151 sarjad gy\u0151zedelmesen.\nS m\u00e9g mindig lesznek f\u00e1k, mikor a rozsda\na gyilkos vasat r\u00e9g felfalta m\u00e1r\ns a s\u00fajt\u00f3 k\u00e9z is szent j\u00f3v\u00e1t\u00e9tellel\nhasznos anyagg\u00e1 v\u00e1lt a f\u00f6ld alatt...\nA v\u00edz szalad, a k\u0151 marad,\na k\u0151 marad.\n\n\u00dczenem a h\u00e1znak, mely f\u00f6lnevelt:\nha egyenl\u0151v\u00e9 teszik is a f\u00f6lddel,\nnemzed\u00e9kek \u0151rv\u00e1lt\u00e1sain\nj\u00f6nnek majd \u00fajra boldog \u00e9p\u00edt\u0151k\n\u00e9s ki\u00e1ss\u00e1k a fundamentumot\ns az erk\u00f6lcs \u0151si, h\u00f3feh\u00e9r k\u00f6v\u00e9re\nemelnek falat, tet\u0151t, templomot.\n\nJ\u00f6n ezer \u00faj K\u0151m\u00edves Kelemen,\nki nem hamuval \u00e9s nem emberv\u00e9rrel\nk\u00f6ti meg a b\u00e9kess\u00e9g fal\u00e1t,\nde szenteltv\u00edzzel \u00e9s b\u00fazakeny\u00e9rrel\n\u00e9s \u00e9p\u00edt r\u00e9gi k\u0151b\u0151l \u00faj haz\u00e1t.\n\u00dczenem a h\u00e1znak, mely f\u00f6lnevelt:\na fundamentom Istent\u0151l val\u00f3\n\u00e9s Istent\u0151l val\u00f3 az akarat,\nmely \u00fajra \u00e9p\u00edti a falakat.\nA v\u00edz szalad, a k\u0151 marad,\na k\u0151 marad.\n\n\u00c9s \u00fczenem a volt bar\u00e1taimnak,\nkik megtagadj\u00e1k ma a nevemet:\nha fordul egyet \u00fajra a ker\u00e9k,\n\u00e9n akkor is a bar\u00e1tjok leszek\n\u00e9s nem lesz bossz\u00fa, gy\u0171l\u00f6let, harag.\nKezet ny\u00fajtunk egym\u00e1snak \u00e9s megy\u00fcnk\n\u00e9s lesz\u00fcnk Egy C\u00e9l \u00e9s Egy Akarat:\na v\u00edz szalad, de a k\u0151 marad,\na k\u0151 marad.\n\n\u00c9s \u00fczenem mindenkinek,\ntestv\u00e9rnek, rokonnak, idegennek,\ngonosznak, j\u00f3nak, h\u0171s\u00e9gesnek \u00e9s al\u00e1val\u00f3nak,\nannak, akit a f\u00e1j\u00e1s \u0171z \u00e9s annak,\nkinek kez\u00e9hez v\u00e9rcseppek tapadnak:\nvigy\u00e1zzatok \u00e9s im\u00e1dkozzatok!\nValahol f\u00f6nt a magos \u00e9g alatt\nmozdulnak m\u00e1r lassan a csillagok\na s v\u00edz szalad \u00e9s csak a k\u0151 marad,\na k\u0151 marad.\n\nMaradnak az igazak \u00e9s a j\u00f3k.\nA tiszt\u00e1k \u00e9s b\u00e9kess\u00e9gesek.\nErd\u0151k, hegyek, tanok \u00e9s emberek.\nJ\u00f3l gondolja meg, ki mit cselekszik!\nLikassz\u00e1k m\u00e1r az \u00e9gben f\u00f6nt a rost\u00e1t\ns a csillagok tengely\u00e9t olajozz\u00e1k\nszorgalmas angyalok.\n\u00c9s l\u00e9szen csillagfordul\u00e1s megint\n\u00e9s mik\u00e9nt hirdeti a Biblia:\nmegm\u00e9retik az embernek fia\ns ki mint vetett, azonk\u00e9ppen arat.\nMert elfut a v\u00edz \u00e9s csak a k\u0151 marad,\nde a k\u0151 marad.\n\nBajorerd\u0151, 1948.<\/pre>","protected":false},"excerpt":{"rendered":"<p>M\u00e1r k\u00e9s\u0151 van, de nem tudok a mai d\u00e1tum mellett sz\u00f3 n\u00e9lk\u00fcl elmenni, \u00fagyhogy nekil\u00e1tok \u00edrni, tiszt\u00edtani. Sok minden eszembe jut a mai nappal kapcsolatban, Trianon 100. \u00e9vfordul\u00f3j\u00e1n. Sokkol\u00f3an kegyetlen volt ez a d\u00f6nt\u00e9s, \u00e9s igaza lett Foch marsallnak: \u201eEz nem b\u00e9ke, csak fegyversz\u00fcnet h\u00fasz \u00e9vre.\u201d, annyira nem volt b\u00f6lcs volt ez a b\u00e9kek\u00f6t\u00e9s, hogy&#8230; <a href=\"https:\/\/pipiter-joga.hu\/en\/2020\/06\/04\/100\/\">Continue reading <span class=\"screen-reader-text\">&#8222;&#8222;V\u00e9rz\u0151 csonkb\u00f3l [&#8230;] \u00faj erd\u0151&#8221;&#8221;<\/span><\/a><\/p>\n","protected":false},"author":1,"featured_media":0,"comment_status":"open","ping_status":"open","sticky":false,"template":"","format":"standard","meta":{"pmpro_default_level":"","footnotes":""},"categories":[1],"tags":[98,32,97,156,33,174],"class_list":["post-2997","post","type-post","status-publish","format-standard","hentry","category-egyeb","tag-csaladi","tag-emelkedes","tag-nemzeti","tag-sajatsztori","tag-tudatossag","tag-vers","pmpro-has-access"],"_links":{"self":[{"href":"https:\/\/pipiter-joga.hu\/en\/wp-json\/wp\/v2\/posts\/2997","targetHints":{"allow":["GET"]}}],"collection":[{"href":"https:\/\/pipiter-joga.hu\/en\/wp-json\/wp\/v2\/posts"}],"about":[{"href":"https:\/\/pipiter-joga.hu\/en\/wp-json\/wp\/v2\/types\/post"}],"author":[{"embeddable":true,"href":"https:\/\/pipiter-joga.hu\/en\/wp-json\/wp\/v2\/users\/1"}],"replies":[{"embeddable":true,"href":"https:\/\/pipiter-joga.hu\/en\/wp-json\/wp\/v2\/comments?post=2997"}],"version-history":[{"count":50,"href":"https:\/\/pipiter-joga.hu\/en\/wp-json\/wp\/v2\/posts\/2997\/revisions"}],"predecessor-version":[{"id":5931,"href":"https:\/\/pipiter-joga.hu\/en\/wp-json\/wp\/v2\/posts\/2997\/revisions\/5931"}],"wp:attachment":[{"href":"https:\/\/pipiter-joga.hu\/en\/wp-json\/wp\/v2\/media?parent=2997"}],"wp:term":[{"taxonomy":"category","embeddable":true,"href":"https:\/\/pipiter-joga.hu\/en\/wp-json\/wp\/v2\/categories?post=2997"},{"taxonomy":"post_tag","embeddable":true,"href":"https:\/\/pipiter-joga.hu\/en\/wp-json\/wp\/v2\/tags?post=2997"}],"curies":[{"name":"wp","href":"https:\/\/api.w.org\/{rel}","templated":true}]}}